{"id":2527,"date":"2026-07-24T16:29:42","date_gmt":"2026-07-24T14:29:42","guid":{"rendered":"https:\/\/www.test.tremplin-handicap.fr\/?p=2527"},"modified":"2026-07-29T10:36:48","modified_gmt":"2026-07-29T08:36:48","slug":"seance-de-cloture-boostheure","status":"publish","type":"post","link":"https:\/\/www.test.tremplin-handicap.fr\/index.php\/2026\/07\/24\/seance-de-cloture-boostheure\/","title":{"rendered":"S\u00e9ance de cl\u00f4ture Boost&rsquo;heure 2025-2026"},"content":{"rendered":"\n<div class=\"wp-block-group alignwide has-palette-color-6-background-color has-background is-layout-flow wp-block-group-is-layout-flow\" style=\"padding-top:6vw;padding-right:6vw;padding-bottom:6vw;padding-left:6vw\" data-block-type=\"core\">\n<div class=\"wp-block-group is-vertical is-nowrap is-layout-flex wp-container-core-group-is-layout-1c0bd764 wp-block-group-is-layout-flex\" style=\"padding-right:0;padding-left:0\" data-block-type=\"core\">\n<h6 id=\"ecosystem\" class=\"wp-block-heading has-text-color\" style=\"color:#000000;font-size:clamp(14px, 0.875rem + ((1vw - 3.2px) * 0.156), 16px);\" data-block-type=\"core\"><span style=\"color: var(--theme-palette-color-1, #2B3056);\" class=\"stk-highlight\">Retours sur nos \u00e9v\u00e8nemements<\/span><\/h6>\n\n\n\n<div class=\"wp-block-stackable-heading stk-block-heading stk-block-heading--v2 stk-block stk-1d3c130\" id=\"span-style-color-var-theme-palette-color-6-fff-5-dc-background-color-var-theme-palette-color-11-4-c-877-f-class-stk-highlight-seance-de-cloture-boostheure-2025-2026-span\" data-block-id=\"1d3c130\"><h1 class=\"stk-block-heading__text\"><span style=\"color: var(--theme-palette-color-6, #FFF5DC);background-color: var(--theme-palette-color-11, #4c877f)\" class=\"stk-highlight\">S\u00e9ance de cl\u00f4ture Boost&rsquo;heure 2025-2026<\/span><\/h1><\/div>\n<\/div>\n\n\n\n<p class=\"has-palette-color-6-background-color has-background wp-block-paragraph\" data-block-type=\"core\"><strong>La s\u00e9ance de cl\u00f4ture de Boost\u2019heure a r\u00e9uni le 2 juillet 2026 des jeunes et des professionnels ayant particip\u00e9 au programme lors de l&rsquo;ann\u00e9e \u00e9coul\u00e9e.<\/strong><br><br>Le Fonds de garantie des victimes, employeur partenaire de TREMPLIN HANDICAP, a accueilli cette s\u00e9ance de restitution du programme qui a permis de mettre en avant son bilan lors de l&rsquo;ann\u00e9e 2025-2026, des t\u00e9moignages de jeunes et les retours de professionnels ayant particip\u00e9 \u00e0 l&rsquo;action.<\/p>\n\n\n\n<div class=\"wp-block-stackable-columns stk-block-columns stk-block stk-ca17a5a\" data-block-id=\"ca17a5a\"><div class=\"stk-row stk-inner-blocks stk-block-content stk-content-align stk-ca17a5a-column\">\n<div class=\"wp-block-stackable-column stk-block-column stk-column stk-block stk-727748b\" data-v=\"4\" data-block-id=\"727748b\"><div class=\"stk-column-wrapper stk-block-column__content stk-container stk-727748b-container stk--no-background stk--no-padding\"><div class=\"stk-block-content stk-inner-blocks stk-727748b-inner-blocks\">\n<figure class=\"wp-block-image size-large\" data-block-type=\"core\"><img loading=\"lazy\" decoding=\"async\" width=\"768\" height=\"1024\" src=\"https:\/\/www.test.tremplin-handicap.fr\/wp-content\/uploads\/2026\/07\/Media-14-768x1024.jpeg\" alt=\"Participants \u00e0 la s\u00e9ance de cl\u00f4ture Boost'heure\" class=\"wp-image-2530\" srcset=\"https:\/\/www.test.tremplin-handicap.fr\/wp-content\/uploads\/2026\/07\/Media-14-768x1024.jpeg 768w, https:\/\/www.test.tremplin-handicap.fr\/wp-content\/uploads\/2026\/07\/Media-14-225x300.jpeg 225w, https:\/\/www.test.tremplin-handicap.fr\/wp-content\/uploads\/2026\/07\/Media-14-1152x1536.jpeg 1152w, https:\/\/www.test.tremplin-handicap.fr\/wp-content\/uploads\/2026\/07\/Media-14.jpeg 1247w\" sizes=\"auto, (max-width: 768px) 100vw, 768px\" \/><\/figure>\n<\/div><\/div><\/div>\n\n\n\n<div class=\"wp-block-stackable-column stk-block-column stk-column stk-block stk-6db1a86\" data-v=\"4\" data-block-id=\"6db1a86\"><div class=\"stk-column-wrapper stk-block-column__content stk-container stk-6db1a86-container stk--no-background stk--no-padding\"><div class=\"stk-block-content stk-inner-blocks stk-6db1a86-inner-blocks\">\n<figure class=\"wp-block-image size-large\" data-block-type=\"core\"><img loading=\"lazy\" decoding=\"async\" width=\"768\" height=\"1024\" src=\"https:\/\/www.test.tremplin-handicap.fr\/wp-content\/uploads\/2026\/07\/Media-15-768x1024.jpeg\" alt=\"Participants autour d'une table \u00e0 la s\u00e9ance de cl\u00f4ture Boost'heure\" class=\"wp-image-2531\" srcset=\"https:\/\/www.test.tremplin-handicap.fr\/wp-content\/uploads\/2026\/07\/Media-15-768x1024.jpeg 768w, https:\/\/www.test.tremplin-handicap.fr\/wp-content\/uploads\/2026\/07\/Media-15-225x300.jpeg 225w, https:\/\/www.test.tremplin-handicap.fr\/wp-content\/uploads\/2026\/07\/Media-15-1152x1536.jpeg 1152w, https:\/\/www.test.tremplin-handicap.fr\/wp-content\/uploads\/2026\/07\/Media-15.jpeg 1247w\" sizes=\"auto, (max-width: 768px) 100vw, 768px\" \/><\/figure>\n<\/div><\/div><\/div>\n<\/div><\/div>\n\n\n\n<p class=\"wp-block-paragraph\" data-block-type=\"core\">Lors de cette ann\u00e9e, ce sont ainsi<strong>&nbsp;91 s\u00e9ances de travail individuelles<\/strong>&nbsp;qui ont \u00e9t\u00e9 r\u00e9alis\u00e9es. Parmi ceux ayant particip\u00e9 au programme,&nbsp;<strong>97%&nbsp;<\/strong>des jeunes le trouvent b\u00e9n\u00e9fique,<strong>&nbsp;et 95%&nbsp;<\/strong>des professionnels ont ressenti du sens et de l\u2019utilit\u00e9 \u00e0 r\u00e9aliser leur s\u00e9ance !<\/p>\n\n\n\n<p class=\"wp-block-paragraph\" data-block-type=\"core\">Int\u00e9ress\u00e9 par le programme Boost\u2019heure ? Plus d\u2019informations&nbsp;<a href=\"https:\/\/www.test.tremplin-handicap.fr\/index.php\/coaching\/\">ici<\/a>&nbsp;!<\/p>\n<\/div>\n\n\n\n<p class=\"wp-block-paragraph\" data-block-type=\"core\"><\/p>\n","protected":false},"excerpt":{"rendered":"<p>Retours sur nos \u00e9v\u00e8nemements S\u00e9ance de cl\u00f4ture Boost&rsquo;heure 2025-2026 La s\u00e9ance de cl\u00f4ture de Boost\u2019heure a r\u00e9uni le 2 juillet 2026 des jeunes et des professionnels ayant particip\u00e9 au programme [&hellip;]<\/p>\n","protected":false},"author":7,"featured_media":2340,"comment_status":"closed","ping_status":"closed","sticky":false,"template":"","format":"standard","meta":{"_uag_custom_page_level_css":"","_EventAllDay":false,"_EventTimezone":"","_EventStartDate":"","_EventEndDate":"","_EventStartDateUTC":"","_EventEndDateUTC":"","_EventShowMap":false,"_EventShowMapLink":false,"_EventURL":"","_EventCost":"","_EventCostDescription":"","_EventCurrencySymbol":"","_EventCurrencyCode":"","_EventCurrencyPosition":"","_EventDateTimeSeparator":"","_EventTimeRangeSeparator":"","_EventOrganizerID":[],"_EventVenueID":[],"_OrganizerEmail":"","_OrganizerPhone":"","_OrganizerWebsite":"","_VenueAddress":"","_VenueCity":"","_VenueCountry":"","_VenueProvince":"","_VenueState":"","_VenueZip":"","_VenuePhone":"","_VenueURL":"","_VenueStateProvince":"","_VenueLat":"","_VenueLng":"","_VenueShowMap":false,"_VenueShowMapLink":false,"footnotes":""},"categories":[11,12],"tags":[],"class_list":["post-2527","post","type-post","status-publish","format-standard","has-post-thumbnail","hentry","category-actualites","category-retours-sur-nos-evenements"],"blocksy_meta":[],"uagb_featured_image_src":{"full":["https:\/\/www.test.tremplin-handicap.fr\/wp-content\/uploads\/2026\/07\/Media-12-scaled-e1785222610455.jpeg",998,880,false],"thumbnail":["https:\/\/www.test.tremplin-handicap.fr\/wp-content\/uploads\/2026\/07\/Media-12-scaled-e1785222610455-150x150.jpeg",150,150,true],"medium":["https:\/\/www.test.tremplin-handicap.fr\/wp-content\/uploads\/2026\/07\/Media-12-scaled-e1785222610455-300x265.jpeg",300,265,true],"medium_large":["https:\/\/www.test.tremplin-handicap.fr\/wp-content\/uploads\/2026\/07\/Media-12-scaled-e1785222610455-768x677.jpeg",768,677,true],"large":["https:\/\/www.test.tremplin-handicap.fr\/wp-content\/uploads\/2026\/07\/Media-12-1024x407.jpeg",1024,407,true],"1536x1536":["https:\/\/www.test.tremplin-handicap.fr\/wp-content\/uploads\/2026\/07\/Media-12-1536x610.jpeg",1536,610,true],"2048x2048":["https:\/\/www.test.tremplin-handicap.fr\/wp-content\/uploads\/2026\/07\/Media-12-2048x814.jpeg",2048,814,true]},"uagb_author_info":{"display_name":"L\u00e9onore DUCASTEL","author_link":"https:\/\/www.test.tremplin-handicap.fr\/index.php\/author\/leonore\/"},"uagb_comment_info":0,"uagb_excerpt":"Retours sur nos \u00e9v\u00e8nemements S\u00e9ance de cl\u00f4ture Boost&rsquo;heure 2025-2026 La s\u00e9ance de cl\u00f4ture de Boost\u2019heure a r\u00e9uni le 2 juillet 2026 des jeunes et des professionnels ayant particip\u00e9 au programme [&hellip;]","_links":{"self":[{"href":"https:\/\/www.test.tremplin-handicap.fr\/index.php\/wp-json\/wp\/v2\/posts\/2527","targetHints":{"allow":["GET"]}}],"collection":[{"href":"https:\/\/www.test.tremplin-handicap.fr\/index.php\/wp-json\/wp\/v2\/posts"}],"about":[{"href":"https:\/\/www.test.tremplin-handicap.fr\/index.php\/wp-json\/wp\/v2\/types\/post"}],"author":[{"embeddable":true,"href":"https:\/\/www.test.tremplin-handicap.fr\/index.php\/wp-json\/wp\/v2\/users\/7"}],"replies":[{"embeddable":true,"href":"https:\/\/www.test.tremplin-handicap.fr\/index.php\/wp-json\/wp\/v2\/comments?post=2527"}],"version-history":[{"count":12,"href":"https:\/\/www.test.tremplin-handicap.fr\/index.php\/wp-json\/wp\/v2\/posts\/2527\/revisions"}],"predecessor-version":[{"id":2695,"href":"https:\/\/www.test.tremplin-handicap.fr\/index.php\/wp-json\/wp\/v2\/posts\/2527\/revisions\/2695"}],"wp:featuredmedia":[{"embeddable":true,"href":"https:\/\/www.test.tremplin-handicap.fr\/index.php\/wp-json\/wp\/v2\/media\/2340"}],"wp:attachment":[{"href":"https:\/\/www.test.tremplin-handicap.fr\/index.php\/wp-json\/wp\/v2\/media?parent=2527"}],"wp:term":[{"taxonomy":"category","embeddable":true,"href":"https:\/\/www.test.tremplin-handicap.fr\/index.php\/wp-json\/wp\/v2\/categories?post=2527"},{"taxonomy":"post_tag","embeddable":true,"href":"https:\/\/www.test.tremplin-handicap.fr\/index.php\/wp-json\/wp\/v2\/tags?post=2527"}],"curies":[{"name":"wp","href":"https:\/\/api.w.org\/{rel}","templated":true}]}}