{"id":2072,"date":"2024-10-24T17:13:35","date_gmt":"2024-10-24T15:13:35","guid":{"rendered":"https:\/\/www.test.tremplin-handicap.fr\/?p=2072"},"modified":"2024-10-24T17:29:40","modified_gmt":"2024-10-24T15:29:40","slug":"etude-sur-les-handicaps-et-les-inegalites-de-parcours","status":"publish","type":"post","link":"https:\/\/www.test.tremplin-handicap.fr\/index.php\/2024\/10\/24\/etude-sur-les-handicaps-et-les-inegalites-de-parcours\/","title":{"rendered":"\u00e9tude sur les handicaps et les in\u00e9galit\u00e9s de parcours"},"content":{"rendered":"\n<div class=\"wp-block-group has-palette-color-6-background-color has-background is-layout-constrained wp-block-group-is-layout-constrained\" data-block-type=\"core\">\n<h2 class=\"wp-block-heading\" style=\"font-size:clamp(14px, 0.875rem + ((1vw - 3.2px) * 0.156), 16px);\" data-block-type=\"core\">Etude TREMPLIN Handicap x IFOP<\/h2>\n\n\n\n<div class=\"wp-block-stackable-heading stk-block-heading stk-block-heading--v2 stk-block stk-fc13b61\" id=\"strong-span-style-background-linear-gradient-to-bottom-transparent-50-var-theme-palette-color-5-f-6-be-00-50-class-stk-highlight-orientation-scolaire-insertion-professionnelle-quel-est-le-vecu-des-jeunes-en-situation-de-handicap-span-strong\" data-block-id=\"fc13b61\"><h2 class=\"stk-block-heading__text\"><strong><span style=\"background: linear-gradient(to bottom, transparent 50%, var(--theme-palette-color-5, #F6BE00) 50%)\" class=\"stk-highlight\">Orientation scolaire, insertion professionnelle : quel est le v\u00e9cu des jeunes en situation de handicap ?<\/span><\/strong><\/h2><\/div>\n\n\n\n<div style=\"height:1vw\" aria-hidden=\"true\" class=\"wp-block-spacer\" data-block-type=\"core\"><\/div>\n\n\n\n<p data-block-type=\"core\"><em>En France, l\u2019insertion professionnelle est plus difficile que dans d\u2019autres pays europ\u00e9ens. Le niveau de ch\u00f4mage des jeunes est particuli\u00e8rement \u00e9lev\u00e9, et ces derniers occupent plus largement des contrats \u00ab&nbsp;pr\u00e9caires&nbsp;\u00bb. Lors des p\u00e9riodes de crise, la jeunesse fait ainsi souvent figure de \u00ab&nbsp;variable d\u2019ajustement&nbsp;\u00bb pour les entreprises.<\/em><\/p>\n\n\n\n<p data-block-type=\"core\"><em>La crise du Coronavirus a donn\u00e9 lieu \u00e0 des travaux multiples sur la jeunesse, mais peu d\u2019\u00e9tudes ont \u00e9t\u00e9 consacr\u00e9es aux jeunes en situation de handicap. Ces derniers doivent pourtant faire face \u00e0 des difficult\u00e9s sp\u00e9cifiques, notamment en mati\u00e8re d\u2019acc\u00e8s \u00e0 l\u2019emploi.<\/em><\/p>\n\n\n\n<p data-block-type=\"core\"><em>Face \u00e0 ce constat, l\u2019association Tremplin Handicap \u2013 sp\u00e9cialis\u00e9e dans l\u2019accompagnement \u00e0 l\u2019orientation et \u00e0 l\u2019insertion professionnelle des jeunes en situation de handicap \u2013 a missionn\u00e9 l\u2019IFOP pour r\u00e9aliser une grande \u00e9tude destin\u00e9e \u00e0 objectiver le v\u00e9cu des jeunes handicap\u00e9s en mati\u00e8re d\u2019orientation scolaire et d\u2019acc\u00e8s \u00e0 l\u2019emploi.<\/em><\/p>\n\n\n\n<p data-block-type=\"core\"><em>Cette \u00e9tude s\u2019inscrit dans une logique d\u2019enqu\u00eate miroir et vise \u00e0 comparer le v\u00e9cu des jeunes en situation de handicap en mati\u00e8re d\u2019orientation scolaire avec celui de l\u2019ensemble de la population fran\u00e7aise \u00e2g\u00e9e de 15 \u00e0 30 ans.<\/em><\/p>\n\n\n\n<p data-block-type=\"core\">En voici les principaux enseignements :<\/p>\n\n\n\n<div class=\"wp-block-stackable-icon-list stk-block-icon-list stk-block stk-6786f18\" data-block-id=\"6786f18\"><svg style=\"display:none\"><defs><g id=\"stk-icon-list__icon-svg-def-6786f18\"><svg xmlns=\"http:\/\/www.w3.org\/2000\/svg\" viewBox=\"0 0 190 190\"><polygon points=\"173.8,28.4 60.4,141.8 15.7,97.2 5.1,107.8 60.4,163 184.4,39 173.8,28.4\"\/><\/svg><\/g><\/defs><\/svg><ul class=\"stk-block-icon-list__ul stk-block-icon-list--column\">\n<li class=\"wp-block-stackable-icon-list-item stk-block-icon-list-item stk-block stk-47be99a\" data-block-id=\"47be99a\"><div class=\"stk-block-icon-list-item__content\"><span class=\"stk--svg-wrapper\"><div class=\"stk--inner-svg\"><svg aria-hidden=\"true\" width=\"32\" height=\"32\"><use xlink:href=\"#stk-icon-list__icon-svg-def-6786f18\"><\/use><\/svg><\/div><\/span><span class=\"stk-block-icon-list-item__text\"><strong>Les jeunes en situation de handicap sont davantage confront\u00e9s \u00e0 des difficult\u00e9s dans le cadre de leurs \u00e9tudes<\/strong><\/span><\/div><\/li>\n\n\n\n<li class=\"wp-block-stackable-icon-list-item stk-block-icon-list-item stk-block stk-eaa8912\" data-block-id=\"eaa8912\"><div class=\"stk-block-icon-list-item__content\"><span class=\"stk--svg-wrapper\"><div class=\"stk--inner-svg\"><svg aria-hidden=\"true\" width=\"32\" height=\"32\"><use xlink:href=\"#stk-icon-list__icon-svg-def-6786f18\"><\/use><\/svg><\/div><\/span><span class=\"stk-block-icon-list-item__text\"><strong>L\u2019orientation scolaire, un sujet qui suscite davantage d\u2019inqui\u00e9tude chez les jeunes en situation de handicap\u00a0<\/strong><\/span><\/div><\/li>\n\n\n\n<li class=\"wp-block-stackable-icon-list-item stk-block-icon-list-item stk-block stk-f57ded2\" data-block-id=\"f57ded2\"><div class=\"stk-block-icon-list-item__content\"><span class=\"stk--svg-wrapper\"><div class=\"stk--inner-svg\"><svg aria-hidden=\"true\" width=\"32\" height=\"32\"><use xlink:href=\"#stk-icon-list__icon-svg-def-6786f18\"><\/use><\/svg><\/div><\/span><span class=\"stk-block-icon-list-item__text\"><strong>Les jeunes en situation de handicap ont int\u00e9gr\u00e9 le fait qu\u2019ils allaient \u00eatre confront\u00e9s \u00e0 des difficult\u00e9s pour int\u00e9grer le march\u00e9 du travail\u00a0<\/strong><\/span><\/div><\/li>\n<\/ul><\/div>\n\n\n\n<div class=\"wp-block-buttons is-layout-flex wp-block-buttons-is-layout-flex\" data-block-type=\"core\">\n<div class=\"wp-block-button has-custom-width wp-block-button__width-100 has-custom-font-size has-medium-font-size\" style=\"font-style:normal;font-weight:700;text-transform:uppercase\" data-block-type=\"core\"><a class=\"wp-block-button__link has-palette-color-1-color has-palette-color-5-background-color has-text-color has-background has-link-color wp-element-button\" href=\"https:\/\/www.ifop.com\/publication\/orientation-scolaire-insertion-professionnelle-quel-est-le-vecu-des-jeunes-en-situation-de-handicap\/\" style=\"padding-top:32px;padding-right:32px;padding-bottom:32px;padding-left:32px\">LIRE L&rsquo;ARTICLE EN ENTIER<\/a><\/div>\n<\/div>\n<\/div>\n","protected":false},"excerpt":{"rendered":"<p>Orientation scolaire, insertion professionnelle : quel est le v\u00e9cu des jeunes en situation de handicap ?<\/p>\n","protected":false},"author":5,"featured_media":2082,"comment_status":"closed","ping_status":"closed","sticky":false,"template":"","format":"standard","meta":{"_uag_custom_page_level_css":"","_EventAllDay":false,"_EventTimezone":"","_EventStartDate":"","_EventEndDate":"","_EventStartDateUTC":"","_EventEndDateUTC":"","_EventShowMap":false,"_EventShowMapLink":false,"_EventURL":"","_EventCost":"","_EventCostDescription":"","_EventCurrencySymbol":"","_EventCurrencyCode":"","_EventCurrencyPosition":"","_EventDateTimeSeparator":"","_EventTimeRangeSeparator":"","_EventOrganizerID":[],"_EventVenueID":[],"_OrganizerEmail":"","_OrganizerPhone":"","_OrganizerWebsite":"","_VenueAddress":"","_VenueCity":"","_VenueCountry":"","_VenueProvince":"","_VenueState":"","_VenueZip":"","_VenuePhone":"","_VenueURL":"","_VenueStateProvince":"","_VenueLat":"","_VenueLng":"","_VenueShowMap":false,"_VenueShowMapLink":false,"footnotes":""},"categories":[11,15],"tags":[35,34,33],"class_list":["post-2072","post","type-post","status-publish","format-standard","has-post-thumbnail","hentry","category-actualites","category-veille-sur-les-handicaps","tag-handicap","tag-insertion","tag-orientation"],"blocksy_meta":[],"uagb_featured_image_src":{"full":["https:\/\/www.test.tremplin-handicap.fr\/wp-content\/uploads\/2024\/10\/image_2024-10-24_172437038.png",1354,996,false],"thumbnail":["https:\/\/www.test.tremplin-handicap.fr\/wp-content\/uploads\/2024\/10\/image_2024-10-24_172437038-150x150.png",150,150,true],"medium":["https:\/\/www.test.tremplin-handicap.fr\/wp-content\/uploads\/2024\/10\/image_2024-10-24_172437038-300x221.png",300,221,true],"medium_large":["https:\/\/www.test.tremplin-handicap.fr\/wp-content\/uploads\/2024\/10\/image_2024-10-24_172437038-768x565.png",768,565,true],"large":["https:\/\/www.test.tremplin-handicap.fr\/wp-content\/uploads\/2024\/10\/image_2024-10-24_172437038-1024x753.png",1024,753,true],"1536x1536":["https:\/\/www.test.tremplin-handicap.fr\/wp-content\/uploads\/2024\/10\/image_2024-10-24_172437038.png",1354,996,false],"2048x2048":["https:\/\/www.test.tremplin-handicap.fr\/wp-content\/uploads\/2024\/10\/image_2024-10-24_172437038.png",1354,996,false]},"uagb_author_info":{"display_name":"Samuel KOME","author_link":"https:\/\/www.test.tremplin-handicap.fr\/index.php\/author\/samuel-ws\/"},"uagb_comment_info":0,"uagb_excerpt":"Orientation scolaire, insertion professionnelle : quel est le v\u00e9cu des jeunes en situation de handicap ?","_links":{"self":[{"href":"https:\/\/www.test.tremplin-handicap.fr\/index.php\/wp-json\/wp\/v2\/posts\/2072","targetHints":{"allow":["GET"]}}],"collection":[{"href":"https:\/\/www.test.tremplin-handicap.fr\/index.php\/wp-json\/wp\/v2\/posts"}],"about":[{"href":"https:\/\/www.test.tremplin-handicap.fr\/index.php\/wp-json\/wp\/v2\/types\/post"}],"author":[{"embeddable":true,"href":"https:\/\/www.test.tremplin-handicap.fr\/index.php\/wp-json\/wp\/v2\/users\/5"}],"replies":[{"embeddable":true,"href":"https:\/\/www.test.tremplin-handicap.fr\/index.php\/wp-json\/wp\/v2\/comments?post=2072"}],"version-history":[{"count":2,"href":"https:\/\/www.test.tremplin-handicap.fr\/index.php\/wp-json\/wp\/v2\/posts\/2072\/revisions"}],"predecessor-version":[{"id":2081,"href":"https:\/\/www.test.tremplin-handicap.fr\/index.php\/wp-json\/wp\/v2\/posts\/2072\/revisions\/2081"}],"wp:featuredmedia":[{"embeddable":true,"href":"https:\/\/www.test.tremplin-handicap.fr\/index.php\/wp-json\/wp\/v2\/media\/2082"}],"wp:attachment":[{"href":"https:\/\/www.test.tremplin-handicap.fr\/index.php\/wp-json\/wp\/v2\/media?parent=2072"}],"wp:term":[{"taxonomy":"category","embeddable":true,"href":"https:\/\/www.test.tremplin-handicap.fr\/index.php\/wp-json\/wp\/v2\/categories?post=2072"},{"taxonomy":"post_tag","embeddable":true,"href":"https:\/\/www.test.tremplin-handicap.fr\/index.php\/wp-json\/wp\/v2\/tags?post=2072"}],"curies":[{"name":"wp","href":"https:\/\/api.w.org\/{rel}","templated":true}]}}